[{"@context":"https:\/\/schema.org\/","@type":"Article","@id":"https:\/\/www.podnikovyzpravodaj.cz\/dobrou-noc-lisky\/#Article","mainEntityOfPage":"https:\/\/www.podnikovyzpravodaj.cz\/dobrou-noc-lisky\/","headline":"Dobrou noc, li\u0161ky","name":"Dobrou noc, li\u0161ky","description":"N\u011bkde jsem \u010detla, \u017ee \u010dlov\u011bk m\u00e1 sv\u00e9 ko\u0159eny tam, kde se narodil a kde pro\u017eil sv\u00e9 d\u011btstv\u00ed a nej\u00fatlej\u0161\u00ed ml\u00e1d\u00ed. Pr\u00fd je t\u011b\u017ek\u00e9 p\u0159esadit toho, kdo je z\u00a0venkova, do m\u011bsta a obr\u00e1cen\u011b. Mysl\u00edm, \u017ee to asi plat\u00ed sp\u00ed\u0161e u star\u0161\u00edch lid\u00ed. J\u00e1 ze sv\u00e9ho okol\u00ed zn\u00e1m n\u011bkolik m\u011bstsk\u00fdch, ze kter\u00fdch se stali vesni\u010dan\u00e9 a naopak. [&hellip;]","datePublished":"2025-10-21","dateModified":"2025-10-21","author":{"@type":"Person","@id":"https:\/\/www.podnikovyzpravodaj.cz\/author\/#Person","name":"","url":"https:\/\/www.podnikovyzpravodaj.cz\/author\/","identifier":1,"image":{"@type":"ImageObject","@id":"https:\/\/secure.gravatar.com\/avatar\/f7320ca526354d2794ceb75173050bfa147af8617816df401a16569341b5fbaf?s=96&d=mm&r=g","url":"https:\/\/secure.gravatar.com\/avatar\/f7320ca526354d2794ceb75173050bfa147af8617816df401a16569341b5fbaf?s=96&d=mm&r=g","height":96,"width":96}},"publisher":{"@type":"Organization","name":"podnikovyzpravodaj.cz","logo":{"@type":"ImageObject","@id":"\/logo.png","url":"\/logo.png","width":600,"height":60}},"url":"https:\/\/www.podnikovyzpravodaj.cz\/dobrou-noc-lisky\/","wordCount":407,"articleBody":"N\u011bkde jsem \u010detla, \u017ee \u010dlov\u011bk m\u00e1 sv\u00e9 ko\u0159eny tam, kde se narodil a kde pro\u017eil sv\u00e9 d\u011btstv\u00ed a nej\u00fatlej\u0161\u00ed ml\u00e1d\u00ed. Pr\u00fd je t\u011b\u017ek\u00e9 p\u0159esadit toho, kdo je z\u00a0venkova, do m\u011bsta a obr\u00e1cen\u011b. Mysl\u00edm, \u017ee to asi plat\u00ed sp\u00ed\u0161e u star\u0161\u00edch lid\u00ed. J\u00e1 ze sv\u00e9ho okol\u00ed zn\u00e1m n\u011bkolik m\u011bstsk\u00fdch, ze kter\u00fdch se stali vesni\u010dan\u00e9 a naopak. Je pravda, \u017ee n\u011bkte\u0159\u00ed u\u017e zm\u011bny sv\u00e9ho \u017eivotn\u00edho stylu tak trochu lituj\u00ed, ale to je asi norm\u00e1ln\u00ed.Lidem z vesnice v\u011bt\u0161inou ve m\u011bst\u011b vad\u00ed \u00a0&#8211;\u00a0\u00a0\u00a0\u00a0\u00a0\u00a0\u00a0\u00a0 p\u0159\u00edli\u0161n\u00fd hluk. Jsou zvykl\u00ed, \u017ee p\u0159es ves p\u0159ejede jedno auto za hodinu a ve\u010der u\u017e nejezd\u00ed t\u00e9m\u011b\u0159 nic. M\u011bsto, zvl\u00e1\u0161t\u011b v\u011bt\u0161\u00ed, je hlu\u010dn\u00e9 neust\u00e1le.&#8211;\u00a0\u00a0\u00a0\u00a0\u00a0\u00a0\u00a0\u00a0 anonymita \u2013 na vesnici vid\u00ed ka\u017ed\u00fd, ka\u017ed\u00e9mu, a\u017e do kuchyn\u011b (zdatn\u011bj\u0161\u00ed pozorovatel\u00e9 i d\u00e1l) a ve m\u011bst\u011b se v\u011bt\u0161inou neznaj\u00ed ani nejbli\u017e\u0161\u00ed soused\u00e9.Lid\u00e9 z m\u011bsta si st\u011b\u017euj\u00ed vlastn\u011b na to sam\u00e9, jen z druh\u00e9 strany.&#8211;\u00a0\u00a0\u00a0\u00a0\u00a0\u00a0\u00a0\u00a0 p\u0159\u00edli\u0161n\u00fd klid\u2013 po \u010dase, kdy euforie z n\u00e1dhern\u00e9ho ticha odezn\u00ed, dojde jim, \u017ee na t\u00e9to vesnici pravd\u011bpodobn\u011b do\u017eilo n\u011bjak\u00e9 to psisko nebo tu maj\u00ed slu\u0161n\u011b vychovan\u00e9 li\u0161ky. A v\u016fbec, kde tu maj\u00ed n\u011bjak\u00e9 divadlo?&#8211;\u00a0\u00a0\u00a0\u00a0\u00a0\u00a0\u00a0\u00a0 ztr\u00e1ta soukrom\u00ed\u2013 kdejak\u00e1 babka chce v\u011bd\u011bt, odkud je, co d\u011bl\u00e1 a jestli ta pan\u00ed, co za n\u00edm jezd\u00ed, je jeho z\u00e1konit\u00e1 man\u017eelka.\t\tOdv\u00e1\u017en\u00e9mu \u0161t\u011bst\u00ed p\u0159ejeZm\u011bna \u017eivotn\u00edho stylu ur\u010dit\u011b vy\u017eaduje dost odvahy. \u00a0Nikdy toti\u017e \u010dlov\u011bk nev\u00ed, jestli se rozhodl spr\u00e1vn\u011b, dokud to nevyzkou\u0161\u00ed. Ned\u00e1vno jsem vid\u011bla v\u00a0televizi dokument, ve kter\u00e9m \u00fa\u010dinkovali mlad\u00ed man\u017eel\u00e9. Rozhodli se, vym\u011bnit \u017eivot ve velkom\u011bst\u011b, za \u017eivot na mal\u00e9 vesnici. Vlastn\u011b to byla sp\u00ed\u0161e samota. V\u0161ichni si mysleli, \u017ee je to brzy omrz\u00ed, sbal\u00ed si v\u011bci a odjedou do sv\u00e9ho pohodl\u00ed. Byli na omylu. Spokojenost tam vl\u00e1dne u\u017e n\u011bkolik let.\u00b7\u00a0\u00a0\u00a0\u00a0\u00a0\u00a0\u00a0 N\u011bkdy \u010dlov\u011bk m\u016f\u017ee volit, kde bude \u017e\u00edt a pak je to radost.\u00b7\u00a0\u00a0\u00a0\u00a0\u00a0\u00a0\u00a0 N\u011bkdy se rozhodnout nem\u016f\u017ee a pak je to smutn\u00e9.Mysl\u00edm si, \u017ee ka\u017ed\u00fd \u010dlov\u011bk byl m\u011bl m\u00edt pr\u00e1vo rozhodovat, jak\u00fd \u017eivotn\u00ed styl mu bude vyhovovat.\u00a0                                                                                                                                                                                                                                                                                                                                                                                                 "},{"@context":"https:\/\/schema.org\/","@type":"BreadcrumbList","itemListElement":[{"@type":"ListItem","position":1,"name":"Dobrou noc, li\u0161ky","item":"https:\/\/www.podnikovyzpravodaj.cz\/dobrou-noc-lisky\/#breadcrumbitem"}]}]