[{"@context":"https:\/\/schema.org\/","@type":"Article","@id":"https:\/\/www.podnikovyzpravodaj.cz\/kupte-si-nas-kancelarsky-nabytek\/#Article","mainEntityOfPage":"https:\/\/www.podnikovyzpravodaj.cz\/kupte-si-nas-kancelarsky-nabytek\/","headline":"Kupte si n\u00e1\u0161 kancel\u00e1\u0159sk\u00fd n\u00e1bytek","name":"Kupte si n\u00e1\u0161 kancel\u00e1\u0159sk\u00fd n\u00e1bytek","description":"Kancel\u00e1\u0159sk\u00e9 soupravy a v\u0161e dal\u0161\u00ed p\u0159idru\u017een\u00e9 k t\u00e9to oblasti naleznete pr\u00e1v\u011b u n\u00e1s. Varianty, ze kter\u00fdch v\u00e1s bude p\u0159ech\u00e1zet zrak, ano to je ten prav\u00fd kancel\u00e1\u0159sk\u00fd n\u00e1bytek pro va\u0161e administrativn\u00ed prostory. M\u00e1me v\u017edycky navrch. V\u00edme, co pot\u0159ebujete. A v\u00e1\u0161 po\u017eadavek je pro n\u00e1s rozkazem, kter\u00fd se sna\u017e\u00edme splnit s nejvy\u0161\u0161\u00ed preciznost\u00ed. Kancel\u00e1\u0159sk\u00fd n\u00e1bytek v\u00e1m bude [&hellip;]","datePublished":"2025-01-03","dateModified":"2025-01-03","author":{"@type":"Person","@id":"https:\/\/www.podnikovyzpravodaj.cz\/author\/#Person","name":"","url":"https:\/\/www.podnikovyzpravodaj.cz\/author\/","identifier":1,"image":{"@type":"ImageObject","@id":"https:\/\/secure.gravatar.com\/avatar\/f7320ca526354d2794ceb75173050bfa147af8617816df401a16569341b5fbaf?s=96&d=mm&r=g","url":"https:\/\/secure.gravatar.com\/avatar\/f7320ca526354d2794ceb75173050bfa147af8617816df401a16569341b5fbaf?s=96&d=mm&r=g","height":96,"width":96}},"publisher":{"@type":"Organization","name":"podnikovyzpravodaj.cz","logo":{"@type":"ImageObject","@id":"\/logo.png","url":"\/logo.png","width":600,"height":60}},"url":"https:\/\/www.podnikovyzpravodaj.cz\/kupte-si-nas-kancelarsky-nabytek\/","wordCount":164,"articleBody":"Kancel\u00e1\u0159sk\u00e9 soupravy a v\u0161e dal\u0161\u00ed p\u0159idru\u017een\u00e9 k t\u00e9to oblasti naleznete pr\u00e1v\u011b u n\u00e1s. Varianty, ze kter\u00fdch v\u00e1s bude p\u0159ech\u00e1zet zrak, ano to je ten prav\u00fd kancel\u00e1\u0159sk\u00fd n\u00e1bytek pro va\u0161e administrativn\u00ed prostory. M\u00e1me v\u017edycky navrch. V\u00edme, co pot\u0159ebujete. A v\u00e1\u0161 po\u017eadavek je pro n\u00e1s rozkazem, kter\u00fd se sna\u017e\u00edme splnit s nejvy\u0161\u0161\u00ed preciznost\u00ed. Kancel\u00e1\u0159sk\u00fd n\u00e1bytek v\u00e1m bude par\u00e1dn\u011b ladit a interi\u00e9r se rozz\u00e1\u0159\u00ed nejenom pod nov\u00fdm n\u00e1dechem zm\u011bny. Kancel\u00e1\u0159sk\u00e9 soupravy i pro ty nejn\u00e1ro\u010dn\u011bj\u0161\u00ed Pakli\u017ee jste n\u00e1ro\u010dn\u00fd z\u00e1kazn\u00edk, tak to jste skute\u010dn\u011b na spr\u00e1vn\u00e9 adrese. Dod\u00e1v\u00e1me kancel\u00e1\u0159sk\u00e9 soupravy i samostatn\u00fd kancel\u00e1\u0159sk\u00fd n\u00e1bytek i pro ty nejn\u00e1ro\u010dn\u011bj\u0161\u00ed klienty. A \u017ee v\u00edme, co si m\u00e1me p\u0159edstavit pod pojmem nejn\u00e1ro\u010dn\u011bj\u0161\u00ed klient. Volejte a pi\u0161te!                                                                                                                                                                                                                                                                                                                                                                                                "},{"@context":"https:\/\/schema.org\/","@type":"BreadcrumbList","itemListElement":[{"@type":"ListItem","position":1,"name":"Kupte si n\u00e1\u0161 kancel\u00e1\u0159sk\u00fd n\u00e1bytek","item":"https:\/\/www.podnikovyzpravodaj.cz\/kupte-si-nas-kancelarsky-nabytek\/#breadcrumbitem"}]}]