[{"@context":"https:\/\/schema.org\/","@type":"Article","@id":"https:\/\/www.podnikovyzpravodaj.cz\/v-lasce-se-podlamuji-kolena\/#Article","mainEntityOfPage":"https:\/\/www.podnikovyzpravodaj.cz\/v-lasce-se-podlamuji-kolena\/","headline":"V l\u00e1sce se podlamuj\u00ed kolena","name":"V l\u00e1sce se podlamuj\u00ed kolena","description":"Byly jste zamilovan\u00ed? J\u00e1 m\u011bla jednu svoji l\u00e1sku, jmenoval se Petr. Byl \u0161t\u00edhl\u00fd, vysok\u00fd, blon\u010fat\u00fd, a moc m\u011b p\u0159itahoval. Kdy\u017e jsem ho poprv\u00e9 spat\u0159ila, tak jsem byla \u00fapln\u011b v sedm\u00e9m nebi, proto\u017ee se mi podlomily kolena. Jeho tv\u00e1\u0159 byla jako and\u011bl. Jeho rty a \u00fasm\u011bv byly t\u00edm nejkr\u00e1sn\u011bj\u0161\u00edm, to jsem je\u0161t\u011b u nikoho neza\u017eila. Byla [&hellip;]","datePublished":"2022-12-27","dateModified":"2022-12-27","author":{"@type":"Person","@id":"https:\/\/www.podnikovyzpravodaj.cz\/author\/#Person","name":"","url":"https:\/\/www.podnikovyzpravodaj.cz\/author\/","identifier":1,"image":{"@type":"ImageObject","@id":"https:\/\/secure.gravatar.com\/avatar\/f7320ca526354d2794ceb75173050bfa147af8617816df401a16569341b5fbaf?s=96&d=mm&r=g","url":"https:\/\/secure.gravatar.com\/avatar\/f7320ca526354d2794ceb75173050bfa147af8617816df401a16569341b5fbaf?s=96&d=mm&r=g","height":96,"width":96}},"publisher":{"@type":"Organization","name":"podnikovyzpravodaj.cz","logo":{"@type":"ImageObject","@id":"\/logo.png","url":"\/logo.png","width":600,"height":60}},"image":{"@type":"ImageObject","@id":"https:\/\/www.podnikovyzpravodaj.cz\/wp-content\/uploads\/raspberry-1503998_640_2.jpg","url":"https:\/\/www.podnikovyzpravodaj.cz\/wp-content\/uploads\/raspberry-1503998_640_2.jpg","height":0,"width":0},"url":"https:\/\/www.podnikovyzpravodaj.cz\/v-lasce-se-podlamuji-kolena\/","about":["L\u00e1ska"],"wordCount":431,"articleBody":"Byly jste zamilovan\u00ed? J\u00e1 m\u011bla jednu svoji l\u00e1sku, jmenoval se Petr. Byl \u0161t\u00edhl\u00fd, vysok\u00fd, blon\u010fat\u00fd, a moc m\u011b p\u0159itahoval. Kdy\u017e jsem ho poprv\u00e9 spat\u0159ila, tak jsem byla \u00fapln\u011b v sedm\u00e9m nebi, proto\u017ee se mi podlomily kolena. Jeho tv\u00e1\u0159 byla jako and\u011bl. Jeho rty a \u00fasm\u011bv byly t\u00edm nejkr\u00e1sn\u011bj\u0161\u00edm, to jsem je\u0161t\u011b u nikoho neza\u017eila. Byla jsem jak om\u00e1men\u00e1, kdy\u017e jsem vid\u011bla, to, co jsem vid\u011bla, a vlastn\u011b nikdy nevid\u011bla. On pro m\u011b v tu chv\u00edli byl jako and\u011bl. V duchu jsem si \u0159\u00edkala, copak si mysl\u00ed asi o m\u011b. Byla jsem hodn\u011b stydliv\u00e1, proto\u017ee se mi hned na prvn\u00ed pohled moc l\u00edbil. Kdy\u017e ke mn\u011b p\u0159i\u0161el, proto\u017ee v\u011bd\u011bl, jak se na n\u011bho po\u0159\u00e1d d\u00edv\u00e1m, a on na m\u011b, tak jsem se pod\u00edvala do zem\u011b. A zeptal se m\u011b, jestli se n\u00e1hodou nezn\u00e1me. Odpov\u011bd\u011bla jsem, \u017ee v\u016fbec, tedy alespo\u0148 mysl\u00edm. Potkali jsme se p\u0159esn\u011b u n\u00e1s na pouti na vesnici. Jeliko\u017e Petra jsem nikdy u n\u00e1s na vesnici nevid\u011bla, ale p\u0159ijel tam se sv\u00fdm kamar\u00e1dem. Byla to n\u00e1hoda, proto\u017ee nev\u011bd\u011bli, kam pojedou a vybrali si ten nejv\u011bt\u0161\u00ed zapad\u00e1kov zrovna u n\u00e1s. Jeho kamar\u00e1d za n\u00e1mi potom p\u0159i\u0161el a za\u010dal se s n\u00e1mi bavit. Nakonec jsme si p\u0159ehodily telefonn\u00ed \u010d\u00edsla, a s Petrem jsme se daly dohromady po n\u011bjak\u00e9m \u010dase, kter\u00fd jsme spolu tr\u00e1vily. Do te\u010fka jsme spolu, a snad nav\u017edy budeme, proto\u017ee si velmi rozum\u00edme a na\u0161e cesty v l\u00e1sce se staly skute\u010dn\u00fdm a osudn\u00fdm. Tenkr\u00e1t kdy\u017e jsme se potkali na pouti, tak nikdy by m\u011b nenapadlo, \u017ee budeme s Petrem spolu, proto\u017ee to jsem v\u016fbec ne\u010dekala. Nikdy na ten den z\u00e1hadn\u00e9 pouti nezapomenu, a on tak\u00e9 ne. V\u017edycky se k tomu toti\u017e vr\u00e1t\u00edme a p\u0159ipomeneme si to, kdy\u017e je u n\u00e1s pou\u0165. V\u017edycky r\u00e1di vzpom\u00edn\u00e1me na to, co n\u00e1s kr\u00e1sn\u00e9ho potkalo. Takov\u00fd osud je t\u00edm nejkr\u00e1sn\u011bj\u0161\u00edm. Byly jsme p\u0159ekvapen\u00ed, \u017ee n\u00e1s n\u011bco tak p\u011bkn\u00e9ho potkalo. Pl\u00e1nujeme spolu rodinu a d\u011bti, tak\u017ee v\u011b\u0159\u00edme, \u017ee n\u00e1m to s Petrem vyjde, a budeme to vykl\u00e1dat na\u0161\u00edm d\u011btem.                                                                                                                                                                                                                                                                                                                                                                                                "},{"@context":"https:\/\/schema.org\/","@type":"BreadcrumbList","itemListElement":[{"@type":"ListItem","position":1,"name":"V l\u00e1sce se podlamuj\u00ed kolena","item":"https:\/\/www.podnikovyzpravodaj.cz\/v-lasce-se-podlamuji-kolena\/#breadcrumbitem"}]}]